{"id":14153,"date":"2026-04-07T08:16:20","date_gmt":"2026-04-07T07:16:20","guid":{"rendered":"https:\/\/koelnubf.org\/wp\/?p=14153"},"modified":"2026-04-07T08:16:20","modified_gmt":"2026-04-07T07:16:20","slug":"woche-5-12-04-2026","status":"publish","type":"post","link":"https:\/\/koelnubf.org\/wp\/woche-5-12-04-2026\/","title":{"rendered":"Woche 5.-12.04.2026"},"content":{"rendered":"<ul>\n<li>Wir danken Gott f\u00fcr das Betrachten der Genesis Kapitel 1-12 in den letzten 3 Monaten. Zum Abschluss haben wir letzte Woche Sonntag Abraham betrachtet, der in der gefallenen Welt ein Segen sein sollte, durch den Jesus Christus hervorkommen sollte<\/li>\n<li>Wir danken Gott f\u00fcr den Karfreitag-Gottesdienst, die Predigt aus Lk 23 \u00fcber Jesus, der durch das Kreuz der Zugang zum Paradies wurde, und f\u00fcr den Besuch der Bonner UBF Gemeinde<\/li>\n<li>Wir danken Gott f\u00fcr den Ausflug der Kinder ins Bubenheimer Spieleland und dass alle gesund wieder zur\u00fcckgekehrt sind<\/li>\n<\/ul>\n<p>Wir bitten Gott um einen gesegneten Oster-Auferstehungs-Gottesdienst und die Predigt aus Lukas 24 \u00fcber das leere Grab und die Emmaus-J\u00fcnger, sowie einen herrlichen Chor (weil Jesus lebt), Kindertanz und Abendmahl<\/p>\n<p>Wir bitten Gott um eine sch\u00f6ne Wanderung zu den Kirschbl\u00fcten am Beethovenpark und die Begegnung mit dem Auferstandenen.<\/p>\n<p>Wir bitten Gott, dass er das JC Ostercamp segnet, bei dem einige unserer jungen Mitarbeiter verantwortlich mitwirken.<\/p>\n<p>Wir bitten Gott um ein gute Zusammenkommen der Gemeinde beim Gemeindeforum am Freitag, den 10.4. um 19 Uhr.<\/p>\n<p>Wir bitten Gott um Segen f\u00fcr die Quiz-Night am Sa 11.4. um 19 Uhr.<\/p>\n<p>Wir bitten Gott um Segen f\u00fcr den Start der neuen Reihe aus dem Lukas-Evangelium, die Predigt von Peter J. aus Lk 1 und das Bibelstudium in Teams.<\/p>\n","protected":false},"excerpt":{"rendered":"<p>Wir danken Gott f\u00fcr das Betrachten der Genesis Kapitel 1-12 in den letzten 3 Monaten. Zum Abschluss haben wir letzte Woche Sonntag Abraham betrachtet, der in der gefallenen Welt ein Segen sein sollte, durch den Jesus Christus hervorkommen sollte Wir danken Gott f\u00fcr den Karfreitag-Gottesdienst, die Predigt aus Lk 23 \u00fcber Jesus, der durch das [&hellip;]<\/p>\n","protected":false},"author":10,"featured_media":13493,"comment_status":"closed","ping_status":"closed","sticky":false,"template":"","format":"standard","meta":{"saved_in_kubio":false,"footnotes":"","_links_to":"","_links_to_target":""},"categories":[1],"tags":[],"class_list":["post-14153","post","type-post","status-publish","format-standard","has-post-thumbnail","hentry","category-allgemein"],"_links":{"self":[{"href":"https:\/\/koelnubf.org\/wp\/wp-json\/wp\/v2\/posts\/14153","targetHints":{"allow":["GET"]}}],"collection":[{"href":"https:\/\/koelnubf.org\/wp\/wp-json\/wp\/v2\/posts"}],"about":[{"href":"https:\/\/koelnubf.org\/wp\/wp-json\/wp\/v2\/types\/post"}],"author":[{"embeddable":true,"href":"https:\/\/koelnubf.org\/wp\/wp-json\/wp\/v2\/users\/10"}],"replies":[{"embeddable":true,"href":"https:\/\/koelnubf.org\/wp\/wp-json\/wp\/v2\/comments?post=14153"}],"version-history":[{"count":1,"href":"https:\/\/koelnubf.org\/wp\/wp-json\/wp\/v2\/posts\/14153\/revisions"}],"predecessor-version":[{"id":14154,"href":"https:\/\/koelnubf.org\/wp\/wp-json\/wp\/v2\/posts\/14153\/revisions\/14154"}],"wp:featuredmedia":[{"embeddable":true,"href":"https:\/\/koelnubf.org\/wp\/wp-json\/wp\/v2\/media\/13493"}],"wp:attachment":[{"href":"https:\/\/koelnubf.org\/wp\/wp-json\/wp\/v2\/media?parent=14153"}],"wp:term":[{"taxonomy":"category","embeddable":true,"href":"https:\/\/koelnubf.org\/wp\/wp-json\/wp\/v2\/categories?post=14153"},{"taxonomy":"post_tag","embeddable":true,"href":"https:\/\/koelnubf.org\/wp\/wp-json\/wp\/v2\/tags?post=14153"}],"curies":[{"name":"wp","href":"https:\/\/api.w.org\/{rel}","templated":true}]}}